{"id":6359,"date":"2025-10-08T13:28:05","date_gmt":"2025-10-08T16:28:05","guid":{"rendered":"https:\/\/cimnoroeste.es.gov.br\/?p=6359"},"modified":"2025-10-08T13:28:05","modified_gmt":"2025-10-08T16:28:05","slug":"cim-noroeste-marca-presenca-em-importante-etapa-do-programa-lideres-territorios-empreendedores-do-sebrae-es","status":"publish","type":"post","link":"https:\/\/cimnoroeste.es.gov.br\/?p=6359","title":{"rendered":"CIM Noroeste marca presen\u00e7a em importante etapa do programa \u201cL\u00edderes \u2013 Territ\u00f3rios Empreendedores\u201d, do Sebrae-ES"},"content":{"rendered":"<p><img loading=\"lazy\" decoding=\"async\" class=\"alignnone wp-image-6360 size-full\" src=\"https:\/\/cimnoroeste.es.gov.br\/wp-content\/uploads\/2025\/10\/WhatsApp-Image-2025-10-08-at-10.15.11-e1759940870378.jpeg\" alt=\"\" width=\"720\" height=\"490\" srcset=\"https:\/\/cimnoroeste.es.gov.br\/wp-content\/uploads\/2025\/10\/WhatsApp-Image-2025-10-08-at-10.15.11-e1759940870378.jpeg 720w, https:\/\/cimnoroeste.es.gov.br\/wp-content\/uploads\/2025\/10\/WhatsApp-Image-2025-10-08-at-10.15.11-e1759940870378-300x204.jpeg 300w\" sizes=\"auto, (max-width: 720px) 100vw, 720px\" \/>O Cons\u00f3rcio P\u00fablico da Regi\u00e3o Noroeste \u2013 CIM Noroeste, reafirmando seu compromisso com o desenvolvimento regional integrado, participou ativamente da segunda fase do projeto \u201cL\u00edderes \u2013 Territ\u00f3rios Empreendedores\u201d, uma iniciativa do Sebrae Esp\u00edrito Santo voltada \u00e0 promo\u00e7\u00e3o do desenvolvimento territorial sustent\u00e1vel e inovador em todo o Estado.<br \/>\nRepresentando o cons\u00f3rcio, o Diretor da C\u00e2mara Setorial de Turismo, Aldecir Bassetti, esteve presente nas atividades que reuniram lideran\u00e7as municipais, empreendedores e gestores p\u00fablicos comprometidos com o fortalecimento das potencialidades econ\u00f4micas e sociais de suas regi\u00f5es.<\/p>\n<p>O projeto, que integra planejamento estrat\u00e9gico, inova\u00e7\u00e3o e coopera\u00e7\u00e3o entre munic\u00edpios, tem como meta estimular a\u00e7\u00f5es conjuntas de governan\u00e7a, empreendedorismo, turismo e gera\u00e7\u00e3o de oportunidades em cada territ\u00f3rio capixaba. O CIM Noroeste vem sendo reconhecido como um dos principais articuladores regionais, fomentando o di\u00e1logo entre os setores p\u00fablico e privado, o associativismo e o desenvolvimento de pol\u00edticas voltadas ao crescimento equilibrado dos 15 munic\u00edpios consorciados.<\/p>\n<p>Segundo o presidente do cons\u00f3rcio, Augusto Astori (Gutim), o envolvimento em programas dessa natureza refor\u00e7a a miss\u00e3o do CIM Noroeste de promover o avan\u00e7o da economia regional com sustentabilidade, inova\u00e7\u00e3o e inclus\u00e3o social. \u201cO Sebrae \u00e9 um grande parceiro do cons\u00f3rcio, e o projeto L\u00edderes vem consolidar a import\u00e2ncia da coopera\u00e7\u00e3o territorial. Quando os munic\u00edpios se unem em torno de objetivos comuns, os resultados s\u00e3o mais r\u00e1pidos e permanentes\u201d, destacou.<\/p>\n<p>Para o diretor Aldecir Bassetti, o turismo \u00e9 um dos grandes motores dessa transforma\u00e7\u00e3o: \u201cNosso territ\u00f3rio tem potencial extraordin\u00e1rio, com belezas naturais, tradi\u00e7\u00f5es culturais e um povo acolhedor. Participar dessa segunda fase \u00e9 reafirmar o compromisso de transformar o turismo em vetor de desenvolvimento, gerando emprego, renda e valorizando o que temos de melhor.\u201d<\/p>\n<p>O CIM Noroeste segue ampliando sua atua\u00e7\u00e3o em diversas frentes \u2014 sa\u00fade, meio ambiente, infraestrutura e agora com \u00eanfase no turismo e no empreendedorismo territorial, consolidando-se como um modelo de gest\u00e3o p\u00fablica colaborativa e refer\u00eancia entre os cons\u00f3rcios capixabas.<\/p>\n","protected":false},"excerpt":{"rendered":"<p>O Cons\u00f3rcio P\u00fablico da Regi\u00e3o Noroeste \u2013 CIM Noroeste, reafirmando seu compromisso com o desenvolvimento regional integrado, participou ativamente da segunda fase do projeto \u201cL\u00edderes \u2013 Territ\u00f3rios Empreendedores\u201d, uma iniciativa do Sebrae Esp\u00edrito Santo voltada \u00e0 promo\u00e7\u00e3o do desenvolvimento territorial sustent\u00e1vel e inovador em todo o Estado. Representando o cons\u00f3rcio, o Diretor da C\u00e2mara Setorial de Turismo, Aldecir Bassetti, esteve presente nas atividades que reuniram lideran\u00e7as municipais, empreendedores e gestores p\u00fablicos comprometidos com o fortalecimento das potencialidades econ\u00f4micas e sociais de suas regi\u00f5es. O projeto, que integra planejamento estrat\u00e9gico, inova\u00e7\u00e3o e coopera\u00e7\u00e3o entre munic\u00edpios, tem como meta estimular a\u00e7\u00f5es conjuntas de governan\u00e7a, empreendedorismo, turismo e gera\u00e7\u00e3o de oportunidades em cada territ\u00f3rio capixaba. O CIM Noroeste vem sendo reconhecido como um dos principais articuladores regionais, fomentando o di\u00e1logo entre os setores p\u00fablico e privado, o associativismo e o desenvolvimento de pol\u00edticas voltadas ao crescimento equilibrado dos 15 munic\u00edpios consorciados. Segundo o presidente do cons\u00f3rcio, Augusto Astori (Gutim), o envolvimento em programas dessa natureza refor\u00e7a a miss\u00e3o do CIM Noroeste de promover o avan\u00e7o da economia regional com sustentabilidade, inova\u00e7\u00e3o e inclus\u00e3o social. \u201cO Sebrae \u00e9 um grande parceiro do cons\u00f3rcio, e o projeto L\u00edderes vem consolidar a import\u00e2ncia da coopera\u00e7\u00e3o territorial. Quando os munic\u00edpios se unem em torno de objetivos comuns, os resultados s\u00e3o mais r\u00e1pidos e permanentes\u201d, destacou. Para o diretor Aldecir Bassetti, o turismo \u00e9 um dos grandes motores dessa transforma\u00e7\u00e3o: \u201cNosso territ\u00f3rio tem potencial extraordin\u00e1rio, com belezas naturais, tradi\u00e7\u00f5es culturais e um povo acolhedor. Participar dessa segunda fase \u00e9 reafirmar o compromisso de transformar o turismo em vetor de desenvolvimento, gerando emprego, renda e valorizando o que temos de melhor.\u201d O CIM Noroeste segue ampliando sua atua\u00e7\u00e3o em diversas frentes \u2014 sa\u00fade, meio ambiente, infraestrutura e agora com \u00eanfase no turismo e no empreendedorismo territorial, consolidando-se como um modelo de gest\u00e3o p\u00fablica colaborativa e refer\u00eancia entre os cons\u00f3rcios capixabas.<\/p>\n","protected":false},"author":1,"featured_media":6360,"comment_status":"open","ping_status":"open","sticky":false,"template":"","format":"standard","meta":{"footnotes":""},"categories":[1],"tags":[],"class_list":["post-6359","post","type-post","status-publish","format-standard","has-post-thumbnail","hentry","category-cim-noroeste"],"_links":{"self":[{"href":"https:\/\/cimnoroeste.es.gov.br\/index.php?rest_route=\/wp\/v2\/posts\/6359","targetHints":{"allow":["GET"]}}],"collection":[{"href":"https:\/\/cimnoroeste.es.gov.br\/index.php?rest_route=\/wp\/v2\/posts"}],"about":[{"href":"https:\/\/cimnoroeste.es.gov.br\/index.php?rest_route=\/wp\/v2\/types\/post"}],"author":[{"embeddable":true,"href":"https:\/\/cimnoroeste.es.gov.br\/index.php?rest_route=\/wp\/v2\/users\/1"}],"replies":[{"embeddable":true,"href":"https:\/\/cimnoroeste.es.gov.br\/index.php?rest_route=%2Fwp%2Fv2%2Fcomments&post=6359"}],"version-history":[{"count":1,"href":"https:\/\/cimnoroeste.es.gov.br\/index.php?rest_route=\/wp\/v2\/posts\/6359\/revisions"}],"predecessor-version":[{"id":6361,"href":"https:\/\/cimnoroeste.es.gov.br\/index.php?rest_route=\/wp\/v2\/posts\/6359\/revisions\/6361"}],"wp:featuredmedia":[{"embeddable":true,"href":"https:\/\/cimnoroeste.es.gov.br\/index.php?rest_route=\/wp\/v2\/media\/6360"}],"wp:attachment":[{"href":"https:\/\/cimnoroeste.es.gov.br\/index.php?rest_route=%2Fwp%2Fv2%2Fmedia&parent=6359"}],"wp:term":[{"taxonomy":"category","embeddable":true,"href":"https:\/\/cimnoroeste.es.gov.br\/index.php?rest_route=%2Fwp%2Fv2%2Fcategories&post=6359"},{"taxonomy":"post_tag","embeddable":true,"href":"https:\/\/cimnoroeste.es.gov.br\/index.php?rest_route=%2Fwp%2Fv2%2Ftags&post=6359"}],"curies":[{"name":"wp","href":"https:\/\/api.w.org\/{rel}","templated":true}]}}