{"id":6493,"date":"2025-10-11T10:06:05","date_gmt":"2025-10-11T13:06:05","guid":{"rendered":"https:\/\/cimnoroeste.es.gov.br\/?p=6493"},"modified":"2025-10-15T10:07:54","modified_gmt":"2025-10-15T13:07:54","slug":"o-cim-noroeste-se-faz-presente-em-consulta-publica-promovida-pelo-der-es-em-sao-domingos-do-norte","status":"publish","type":"post","link":"https:\/\/cimnoroeste.es.gov.br\/?p=6493","title":{"rendered":"O CIM Noroeste se faz presente em Consulta P\u00fablica promovida pelo DER-ES em S\u00e3o Domingos do Norte"},"content":{"rendered":"<p><img loading=\"lazy\" decoding=\"async\" class=\"alignnone size-full wp-image-6494\" src=\"https:\/\/cimnoroeste.es.gov.br\/wp-content\/uploads\/2025\/10\/WhatsApp-Image-2025-10-09-at-16.11.47.jpeg\" alt=\"\" width=\"1280\" height=\"720\" srcset=\"https:\/\/cimnoroeste.es.gov.br\/wp-content\/uploads\/2025\/10\/WhatsApp-Image-2025-10-09-at-16.11.47.jpeg 1280w, https:\/\/cimnoroeste.es.gov.br\/wp-content\/uploads\/2025\/10\/WhatsApp-Image-2025-10-09-at-16.11.47-300x169.jpeg 300w, https:\/\/cimnoroeste.es.gov.br\/wp-content\/uploads\/2025\/10\/WhatsApp-Image-2025-10-09-at-16.11.47-1024x576.jpeg 1024w, https:\/\/cimnoroeste.es.gov.br\/wp-content\/uploads\/2025\/10\/WhatsApp-Image-2025-10-09-at-16.11.47-768x432.jpeg 768w\" sizes=\"auto, (max-width: 1280px) 100vw, 1280px\" \/>O Cons\u00f3rcio CIM Noroeste marcou presen\u00e7a na Consulta P\u00fablica promovida pelo DER-ES, que tratou das obras de recupera\u00e7\u00e3o das rodovias estaduais ES-137 e ES-080, trechos que cortam os munic\u00edpios consorciados de S\u00e3o Domingos do Norte, \u00c1guia Branca e S\u00e3o Gabriel da Palha.<\/p>\n<p>Representado pelo superintendente Smilei Duques, o cons\u00f3rcio refor\u00e7ou seu compromisso com a\u00e7\u00f5es que impactam diretamente a mobilidade, a seguran\u00e7a vi\u00e1ria e o desenvolvimento regional. As melhorias previstas nessas vias s\u00e3o fundamentais para garantir mais seguran\u00e7a no ir e vir dos cidad\u00e3os e tamb\u00e9m para reduzir o tempo de resposta dos atendimentos do SAMU, servi\u00e7o operado regionalmente pelo cons\u00f3rcio.<\/p>\n<p>A agenda contou com a presen\u00e7a do diretor-presidente do DER-ES, Sr. Freitas, do prefeito de \u00c1guia Branca, Jailson Quiuqui, e da prefeita anfitri\u00e3 de S\u00e3o Domingos do Norte, Ana Malacarne, que recepcionou o encontro com o apoio de sua equipe t\u00e9cnica.<\/p>\n<p>Tamb\u00e9m participaram da reuni\u00e3o Aldivania, representando o SAMU e o assessor de projetos da C\u00e2mara T\u00e9cnica de Defesa Civil e Seguran\u00e7a P\u00fablica do CIM Noroeste, Marquinhos Quiuqui, que destacou a import\u00e2ncia do di\u00e1logo entre Estado e munic\u00edpios para a execu\u00e7\u00e3o de obras estruturantes.<\/p>\n<p>O evento foi realizado no audit\u00f3rio da Prefeitura de S\u00e3o Domingos do Norte e integra o Programa de Desenvolvimento Produtivo da Regi\u00e3o Nordeste (PRODEPRO), iniciativa do Governo do Estado que visa recuperar e modernizar a infraestrutura rodovi\u00e1ria capixaba, promovendo desenvolvimento econ\u00f4mico e seguran\u00e7a para toda a regi\u00e3o.<\/p>\n<p><img loading=\"lazy\" decoding=\"async\" class=\"alignnone size-full wp-image-6495\" src=\"https:\/\/cimnoroeste.es.gov.br\/wp-content\/uploads\/2025\/10\/WhatsApp-Image-2025-10-09-at-16.11.54.jpeg\" alt=\"\" width=\"1600\" height=\"900\" srcset=\"https:\/\/cimnoroeste.es.gov.br\/wp-content\/uploads\/2025\/10\/WhatsApp-Image-2025-10-09-at-16.11.54.jpeg 1600w, https:\/\/cimnoroeste.es.gov.br\/wp-content\/uploads\/2025\/10\/WhatsApp-Image-2025-10-09-at-16.11.54-300x169.jpeg 300w, https:\/\/cimnoroeste.es.gov.br\/wp-content\/uploads\/2025\/10\/WhatsApp-Image-2025-10-09-at-16.11.54-1024x576.jpeg 1024w, https:\/\/cimnoroeste.es.gov.br\/wp-content\/uploads\/2025\/10\/WhatsApp-Image-2025-10-09-at-16.11.54-768x432.jpeg 768w, https:\/\/cimnoroeste.es.gov.br\/wp-content\/uploads\/2025\/10\/WhatsApp-Image-2025-10-09-at-16.11.54-1536x864.jpeg 1536w\" sizes=\"auto, (max-width: 1600px) 100vw, 1600px\" \/><\/p>\n","protected":false},"excerpt":{"rendered":"<p>O Cons\u00f3rcio CIM Noroeste marcou presen\u00e7a na Consulta P\u00fablica promovida pelo DER-ES, que tratou das obras de recupera\u00e7\u00e3o das rodovias estaduais ES-137 e ES-080, trechos que cortam os munic\u00edpios consorciados de S\u00e3o Domingos do Norte, \u00c1guia Branca e S\u00e3o Gabriel da Palha. Representado pelo superintendente Smilei Duques, o cons\u00f3rcio refor\u00e7ou seu compromisso com a\u00e7\u00f5es que impactam diretamente a mobilidade, a seguran\u00e7a vi\u00e1ria e o desenvolvimento regional. As melhorias previstas nessas vias s\u00e3o fundamentais para garantir mais seguran\u00e7a no ir e vir dos cidad\u00e3os e tamb\u00e9m para reduzir o tempo de resposta dos atendimentos do SAMU, servi\u00e7o operado regionalmente pelo cons\u00f3rcio. A agenda contou com a presen\u00e7a do diretor-presidente do DER-ES, Sr. Freitas, do prefeito de \u00c1guia Branca, Jailson Quiuqui, e da prefeita anfitri\u00e3 de S\u00e3o Domingos do Norte, Ana Malacarne, que recepcionou o encontro com o apoio de sua equipe t\u00e9cnica. Tamb\u00e9m participaram da reuni\u00e3o Aldivania, representando o SAMU e o assessor de projetos da C\u00e2mara T\u00e9cnica de Defesa Civil e Seguran\u00e7a P\u00fablica do CIM Noroeste, Marquinhos Quiuqui, que destacou a import\u00e2ncia do di\u00e1logo entre Estado e munic\u00edpios para a execu\u00e7\u00e3o de obras estruturantes. O evento foi realizado no audit\u00f3rio da Prefeitura de S\u00e3o Domingos do Norte e integra o Programa de Desenvolvimento Produtivo da Regi\u00e3o Nordeste (PRODEPRO), iniciativa do Governo do Estado que visa recuperar e modernizar a infraestrutura rodovi\u00e1ria capixaba, promovendo desenvolvimento econ\u00f4mico e seguran\u00e7a para toda a regi\u00e3o.<\/p>\n","protected":false},"author":1,"featured_media":6494,"comment_status":"open","ping_status":"open","sticky":false,"template":"","format":"standard","meta":{"footnotes":""},"categories":[1],"tags":[],"class_list":["post-6493","post","type-post","status-publish","format-standard","has-post-thumbnail","hentry","category-cim-noroeste"],"_links":{"self":[{"href":"https:\/\/cimnoroeste.es.gov.br\/index.php?rest_route=\/wp\/v2\/posts\/6493","targetHints":{"allow":["GET"]}}],"collection":[{"href":"https:\/\/cimnoroeste.es.gov.br\/index.php?rest_route=\/wp\/v2\/posts"}],"about":[{"href":"https:\/\/cimnoroeste.es.gov.br\/index.php?rest_route=\/wp\/v2\/types\/post"}],"author":[{"embeddable":true,"href":"https:\/\/cimnoroeste.es.gov.br\/index.php?rest_route=\/wp\/v2\/users\/1"}],"replies":[{"embeddable":true,"href":"https:\/\/cimnoroeste.es.gov.br\/index.php?rest_route=%2Fwp%2Fv2%2Fcomments&post=6493"}],"version-history":[{"count":1,"href":"https:\/\/cimnoroeste.es.gov.br\/index.php?rest_route=\/wp\/v2\/posts\/6493\/revisions"}],"predecessor-version":[{"id":6496,"href":"https:\/\/cimnoroeste.es.gov.br\/index.php?rest_route=\/wp\/v2\/posts\/6493\/revisions\/6496"}],"wp:featuredmedia":[{"embeddable":true,"href":"https:\/\/cimnoroeste.es.gov.br\/index.php?rest_route=\/wp\/v2\/media\/6494"}],"wp:attachment":[{"href":"https:\/\/cimnoroeste.es.gov.br\/index.php?rest_route=%2Fwp%2Fv2%2Fmedia&parent=6493"}],"wp:term":[{"taxonomy":"category","embeddable":true,"href":"https:\/\/cimnoroeste.es.gov.br\/index.php?rest_route=%2Fwp%2Fv2%2Fcategories&post=6493"},{"taxonomy":"post_tag","embeddable":true,"href":"https:\/\/cimnoroeste.es.gov.br\/index.php?rest_route=%2Fwp%2Fv2%2Ftags&post=6493"}],"curies":[{"name":"wp","href":"https:\/\/api.w.org\/{rel}","templated":true}]}}