{"id":6497,"date":"2025-10-09T10:06:27","date_gmt":"2025-10-09T13:06:27","guid":{"rendered":"https:\/\/cimnoroeste.es.gov.br\/?p=6497"},"modified":"2025-10-15T10:07:22","modified_gmt":"2025-10-15T13:07:22","slug":"cim-noroeste-marca-presenca-na-reuniao-do-comite-de-bacias-hidrograficas-em-marilandia","status":"publish","type":"post","link":"https:\/\/cimnoroeste.es.gov.br\/?p=6497","title":{"rendered":"CIM Noroeste marca presen\u00e7a na reuni\u00e3o do Comit\u00ea de Bacias Hidrogr\u00e1ficas em Maril\u00e2ndia"},"content":{"rendered":"<p><img loading=\"lazy\" decoding=\"async\" class=\"alignnone size-full wp-image-6498\" src=\"https:\/\/cimnoroeste.es.gov.br\/wp-content\/uploads\/2025\/10\/WhatsApp-Image-2025-10-09-at-16.07.43.jpeg\" alt=\"\" width=\"1600\" height=\"1200\" srcset=\"https:\/\/cimnoroeste.es.gov.br\/wp-content\/uploads\/2025\/10\/WhatsApp-Image-2025-10-09-at-16.07.43.jpeg 1600w, https:\/\/cimnoroeste.es.gov.br\/wp-content\/uploads\/2025\/10\/WhatsApp-Image-2025-10-09-at-16.07.43-300x225.jpeg 300w, https:\/\/cimnoroeste.es.gov.br\/wp-content\/uploads\/2025\/10\/WhatsApp-Image-2025-10-09-at-16.07.43-1024x768.jpeg 1024w, https:\/\/cimnoroeste.es.gov.br\/wp-content\/uploads\/2025\/10\/WhatsApp-Image-2025-10-09-at-16.07.43-768x576.jpeg 768w, https:\/\/cimnoroeste.es.gov.br\/wp-content\/uploads\/2025\/10\/WhatsApp-Image-2025-10-09-at-16.07.43-1536x1152.jpeg 1536w\" sizes=\"auto, (max-width: 1600px) 100vw, 1600px\" \/>Nesta quinta-feira (09), o munic\u00edpio de Maril\u00e2ndia teve a honra de sediar a reuni\u00e3o do Comit\u00ea de Bacias Hidrogr\u00e1ficas (CBH), um encontro que refor\u00e7ou o compromisso coletivo com a gest\u00e3o participativa e sustent\u00e1vel dos recursos h\u00eddricos na regi\u00e3o norte e noroeste capixaba.<\/p>\n<p>A abertura oficial foi conduzida pelo presidente da AGERH, Sr. F\u00e1bio Ahnert, reunindo representantes dos comit\u00eas CBH Doce, Pont\u00f5es e Lagoas, Barra Seca e Guandu, al\u00e9m de t\u00e9cnicos, autoridades municipais e entidades parceiras.<\/p>\n<p>O CIM Noroeste teve participa\u00e7\u00e3o de destaque, com a presen\u00e7a de sua equipe t\u00e9cnica e de munic\u00edpios consorciados fortemente engajados no tema, como Pancas, Baixo Guandu, Maril\u00e2ndia, Manten\u00f3polis e S\u00e3o Gabriel da Palha.<\/p>\n<p>O prefeito de Maril\u00e2ndia e presidente do cons\u00f3rcio, Augusto Astori (Gutim), ressaltou a import\u00e2ncia de sediar um encontro dessa magnitude:<\/p>\n<p>\u201cO evento fortalece a integra\u00e7\u00e3o regional e demonstra que estamos unidos em torno da defesa e da boa gest\u00e3o das nossas \u00e1guas, um bem essencial que sustenta a vida, o desenvolvimento e o futuro dos nossos munic\u00edpios.\u201d<\/p>\n<p>A participa\u00e7\u00e3o do CIM Noroeste refor\u00e7a sua atua\u00e7\u00e3o como instrumento de coopera\u00e7\u00e3o regional, contribuindo para pol\u00edticas p\u00fablicas integradas nas \u00e1reas de meio ambiente, saneamento, turismo e desenvolvimento sustent\u00e1vel.<\/p>\n<p>Mais do que um evento t\u00e9cnico, a reuni\u00e3o simboliza o avan\u00e7o de uma agenda regional pautada pela uni\u00e3o, responsabilidade ambiental e governan\u00e7a compartilhada, valores que o CIM Noroeste tem promovido com firmeza em seus 28 anos de hist\u00f3ria.<\/p>\n","protected":false},"excerpt":{"rendered":"<p>Nesta quinta-feira (09), o munic\u00edpio de Maril\u00e2ndia teve a honra de sediar a reuni\u00e3o do Comit\u00ea de Bacias Hidrogr\u00e1ficas (CBH), um encontro que refor\u00e7ou o compromisso coletivo com a gest\u00e3o participativa e sustent\u00e1vel dos recursos h\u00eddricos na regi\u00e3o norte e noroeste capixaba. A abertura oficial foi conduzida pelo presidente da AGERH, Sr. F\u00e1bio Ahnert, reunindo representantes dos comit\u00eas CBH Doce, Pont\u00f5es e Lagoas, Barra Seca e Guandu, al\u00e9m de t\u00e9cnicos, autoridades municipais e entidades parceiras. O CIM Noroeste teve participa\u00e7\u00e3o de destaque, com a presen\u00e7a de sua equipe t\u00e9cnica e de munic\u00edpios consorciados fortemente engajados no tema, como Pancas, Baixo Guandu, Maril\u00e2ndia, Manten\u00f3polis e S\u00e3o Gabriel da Palha. O prefeito de Maril\u00e2ndia e presidente do cons\u00f3rcio, Augusto Astori (Gutim), ressaltou a import\u00e2ncia de sediar um encontro dessa magnitude: \u201cO evento fortalece a integra\u00e7\u00e3o regional e demonstra que estamos unidos em torno da defesa e da boa gest\u00e3o das nossas \u00e1guas, um bem essencial que sustenta a vida, o desenvolvimento e o futuro dos nossos munic\u00edpios.\u201d A participa\u00e7\u00e3o do CIM Noroeste refor\u00e7a sua atua\u00e7\u00e3o como instrumento de coopera\u00e7\u00e3o regional, contribuindo para pol\u00edticas p\u00fablicas integradas nas \u00e1reas de meio ambiente, saneamento, turismo e desenvolvimento sustent\u00e1vel. Mais do que um evento t\u00e9cnico, a reuni\u00e3o simboliza o avan\u00e7o de uma agenda regional pautada pela uni\u00e3o, responsabilidade ambiental e governan\u00e7a compartilhada, valores que o CIM Noroeste tem promovido com firmeza em seus 28 anos de hist\u00f3ria.<\/p>\n","protected":false},"author":1,"featured_media":6498,"comment_status":"open","ping_status":"open","sticky":false,"template":"","format":"standard","meta":{"footnotes":""},"categories":[1],"tags":[],"class_list":["post-6497","post","type-post","status-publish","format-standard","has-post-thumbnail","hentry","category-cim-noroeste"],"_links":{"self":[{"href":"https:\/\/cimnoroeste.es.gov.br\/index.php?rest_route=\/wp\/v2\/posts\/6497","targetHints":{"allow":["GET"]}}],"collection":[{"href":"https:\/\/cimnoroeste.es.gov.br\/index.php?rest_route=\/wp\/v2\/posts"}],"about":[{"href":"https:\/\/cimnoroeste.es.gov.br\/index.php?rest_route=\/wp\/v2\/types\/post"}],"author":[{"embeddable":true,"href":"https:\/\/cimnoroeste.es.gov.br\/index.php?rest_route=\/wp\/v2\/users\/1"}],"replies":[{"embeddable":true,"href":"https:\/\/cimnoroeste.es.gov.br\/index.php?rest_route=%2Fwp%2Fv2%2Fcomments&post=6497"}],"version-history":[{"count":1,"href":"https:\/\/cimnoroeste.es.gov.br\/index.php?rest_route=\/wp\/v2\/posts\/6497\/revisions"}],"predecessor-version":[{"id":6499,"href":"https:\/\/cimnoroeste.es.gov.br\/index.php?rest_route=\/wp\/v2\/posts\/6497\/revisions\/6499"}],"wp:featuredmedia":[{"embeddable":true,"href":"https:\/\/cimnoroeste.es.gov.br\/index.php?rest_route=\/wp\/v2\/media\/6498"}],"wp:attachment":[{"href":"https:\/\/cimnoroeste.es.gov.br\/index.php?rest_route=%2Fwp%2Fv2%2Fmedia&parent=6497"}],"wp:term":[{"taxonomy":"category","embeddable":true,"href":"https:\/\/cimnoroeste.es.gov.br\/index.php?rest_route=%2Fwp%2Fv2%2Fcategories&post=6497"},{"taxonomy":"post_tag","embeddable":true,"href":"https:\/\/cimnoroeste.es.gov.br\/index.php?rest_route=%2Fwp%2Fv2%2Ftags&post=6497"}],"curies":[{"name":"wp","href":"https:\/\/api.w.org\/{rel}","templated":true}]}}