{"id":6500,"date":"2025-10-08T10:08:36","date_gmt":"2025-10-08T13:08:36","guid":{"rendered":"https:\/\/cimnoroeste.es.gov.br\/?p=6500"},"modified":"2025-10-15T10:11:02","modified_gmt":"2025-10-15T13:11:02","slug":"cim-noroeste-marca-presenca-nacional-na-abav-rio-de-janeiro","status":"publish","type":"post","link":"https:\/\/cimnoroeste.es.gov.br\/?p=6500","title":{"rendered":"CIM Noroeste marca presen\u00e7a nacional na ABAV \u2013 Rio de Janeiro"},"content":{"rendered":"<p><img loading=\"lazy\" decoding=\"async\" class=\"alignnone wp-image-6501 size-full\" src=\"https:\/\/cimnoroeste.es.gov.br\/wp-content\/uploads\/2025\/10\/WhatsApp-Image-2025-10-08-at-16.19.58-e1760533804255.jpeg\" alt=\"\" width=\"960\" height=\"704\" srcset=\"https:\/\/cimnoroeste.es.gov.br\/wp-content\/uploads\/2025\/10\/WhatsApp-Image-2025-10-08-at-16.19.58-e1760533804255.jpeg 960w, https:\/\/cimnoroeste.es.gov.br\/wp-content\/uploads\/2025\/10\/WhatsApp-Image-2025-10-08-at-16.19.58-e1760533804255-300x220.jpeg 300w, https:\/\/cimnoroeste.es.gov.br\/wp-content\/uploads\/2025\/10\/WhatsApp-Image-2025-10-08-at-16.19.58-e1760533804255-768x563.jpeg 768w\" sizes=\"auto, (max-width: 960px) 100vw, 960px\" \/>O sucesso e a visibilidade agora s\u00e3o nacionais!<\/p>\n<p>O CIM Noroeste est\u00e1 presente na ABAV Expo 2025, um dos maiores eventos de turismo do pa\u00eds, realizado no Rio de Janeiro.<\/p>\n<p>Representando o cons\u00f3rcio, o coordenador de projetos Arilson Schumacher aceitou a miss\u00e3o repassada pelo presidente Augusto Astori (Gutim) e vem apresentando as maravilhas da Regi\u00e3o Noroeste Capixaba por meio do inovador Bal\u00e3o de Imers\u00e3o Virtual, uma experi\u00eancia tecnol\u00f3gica que permite ao visitante conhecer de forma interativa os 15 munic\u00edpios consorciados, seus principais atrativos tur\u00edsticos, al\u00e9m de informa\u00e7\u00f5es sobre acessibilidade, hospedagem, gastronomia e roteiros culturais.<\/p>\n<p>O CIM Noroeste desperta grande interesse dos participantes, destacando o potencial tur\u00edstico, econ\u00f4mico e humano da regi\u00e3o, al\u00e9m de divulgar o hist\u00f3rico de conquistas e avan\u00e7os do cons\u00f3rcio, que se consolida como refer\u00eancia estadual em integra\u00e7\u00e3o regional, inova\u00e7\u00e3o e desenvolvimento sustent\u00e1vel.<\/p>\n<p><img loading=\"lazy\" decoding=\"async\" class=\"alignnone size-full wp-image-6502\" src=\"https:\/\/cimnoroeste.es.gov.br\/wp-content\/uploads\/2025\/10\/WhatsApp-Image-2025-10-08-at-16.21.46-1.jpeg\" alt=\"\" width=\"1204\" height=\"1600\" srcset=\"https:\/\/cimnoroeste.es.gov.br\/wp-content\/uploads\/2025\/10\/WhatsApp-Image-2025-10-08-at-16.21.46-1.jpeg 1204w, https:\/\/cimnoroeste.es.gov.br\/wp-content\/uploads\/2025\/10\/WhatsApp-Image-2025-10-08-at-16.21.46-1-226x300.jpeg 226w, https:\/\/cimnoroeste.es.gov.br\/wp-content\/uploads\/2025\/10\/WhatsApp-Image-2025-10-08-at-16.21.46-1-771x1024.jpeg 771w, https:\/\/cimnoroeste.es.gov.br\/wp-content\/uploads\/2025\/10\/WhatsApp-Image-2025-10-08-at-16.21.46-1-768x1021.jpeg 768w, https:\/\/cimnoroeste.es.gov.br\/wp-content\/uploads\/2025\/10\/WhatsApp-Image-2025-10-08-at-16.21.46-1-1156x1536.jpeg 1156w\" sizes=\"auto, (max-width: 1204px) 100vw, 1204px\" \/><img loading=\"lazy\" decoding=\"async\" class=\"alignnone size-full wp-image-6503\" src=\"https:\/\/cimnoroeste.es.gov.br\/wp-content\/uploads\/2025\/10\/WhatsApp-Image-2025-10-08-at-16.21.46.jpeg\" alt=\"\" width=\"1204\" height=\"1600\" srcset=\"https:\/\/cimnoroeste.es.gov.br\/wp-content\/uploads\/2025\/10\/WhatsApp-Image-2025-10-08-at-16.21.46.jpeg 1204w, https:\/\/cimnoroeste.es.gov.br\/wp-content\/uploads\/2025\/10\/WhatsApp-Image-2025-10-08-at-16.21.46-226x300.jpeg 226w, https:\/\/cimnoroeste.es.gov.br\/wp-content\/uploads\/2025\/10\/WhatsApp-Image-2025-10-08-at-16.21.46-771x1024.jpeg 771w, https:\/\/cimnoroeste.es.gov.br\/wp-content\/uploads\/2025\/10\/WhatsApp-Image-2025-10-08-at-16.21.46-768x1021.jpeg 768w, https:\/\/cimnoroeste.es.gov.br\/wp-content\/uploads\/2025\/10\/WhatsApp-Image-2025-10-08-at-16.21.46-1156x1536.jpeg 1156w\" sizes=\"auto, (max-width: 1204px) 100vw, 1204px\" \/><\/p>\n","protected":false},"excerpt":{"rendered":"<p>O sucesso e a visibilidade agora s\u00e3o nacionais! O CIM Noroeste est\u00e1 presente na ABAV Expo 2025, um dos maiores eventos de turismo do pa\u00eds, realizado no Rio de Janeiro. Representando o cons\u00f3rcio, o coordenador de projetos Arilson Schumacher aceitou a miss\u00e3o repassada pelo presidente Augusto Astori (Gutim) e vem apresentando as maravilhas da Regi\u00e3o Noroeste Capixaba por meio do inovador Bal\u00e3o de Imers\u00e3o Virtual, uma experi\u00eancia tecnol\u00f3gica que permite ao visitante conhecer de forma interativa os 15 munic\u00edpios consorciados, seus principais atrativos tur\u00edsticos, al\u00e9m de informa\u00e7\u00f5es sobre acessibilidade, hospedagem, gastronomia e roteiros culturais. O CIM Noroeste desperta grande interesse dos participantes, destacando o potencial tur\u00edstico, econ\u00f4mico e humano da regi\u00e3o, al\u00e9m de divulgar o hist\u00f3rico de conquistas e avan\u00e7os do cons\u00f3rcio, que se consolida como refer\u00eancia estadual em integra\u00e7\u00e3o regional, inova\u00e7\u00e3o e desenvolvimento sustent\u00e1vel.<\/p>\n","protected":false},"author":1,"featured_media":6501,"comment_status":"open","ping_status":"open","sticky":false,"template":"","format":"standard","meta":{"footnotes":""},"categories":[1],"tags":[],"class_list":["post-6500","post","type-post","status-publish","format-standard","has-post-thumbnail","hentry","category-cim-noroeste"],"_links":{"self":[{"href":"https:\/\/cimnoroeste.es.gov.br\/index.php?rest_route=\/wp\/v2\/posts\/6500","targetHints":{"allow":["GET"]}}],"collection":[{"href":"https:\/\/cimnoroeste.es.gov.br\/index.php?rest_route=\/wp\/v2\/posts"}],"about":[{"href":"https:\/\/cimnoroeste.es.gov.br\/index.php?rest_route=\/wp\/v2\/types\/post"}],"author":[{"embeddable":true,"href":"https:\/\/cimnoroeste.es.gov.br\/index.php?rest_route=\/wp\/v2\/users\/1"}],"replies":[{"embeddable":true,"href":"https:\/\/cimnoroeste.es.gov.br\/index.php?rest_route=%2Fwp%2Fv2%2Fcomments&post=6500"}],"version-history":[{"count":1,"href":"https:\/\/cimnoroeste.es.gov.br\/index.php?rest_route=\/wp\/v2\/posts\/6500\/revisions"}],"predecessor-version":[{"id":6504,"href":"https:\/\/cimnoroeste.es.gov.br\/index.php?rest_route=\/wp\/v2\/posts\/6500\/revisions\/6504"}],"wp:featuredmedia":[{"embeddable":true,"href":"https:\/\/cimnoroeste.es.gov.br\/index.php?rest_route=\/wp\/v2\/media\/6501"}],"wp:attachment":[{"href":"https:\/\/cimnoroeste.es.gov.br\/index.php?rest_route=%2Fwp%2Fv2%2Fmedia&parent=6500"}],"wp:term":[{"taxonomy":"category","embeddable":true,"href":"https:\/\/cimnoroeste.es.gov.br\/index.php?rest_route=%2Fwp%2Fv2%2Fcategories&post=6500"},{"taxonomy":"post_tag","embeddable":true,"href":"https:\/\/cimnoroeste.es.gov.br\/index.php?rest_route=%2Fwp%2Fv2%2Ftags&post=6500"}],"curies":[{"name":"wp","href":"https:\/\/api.w.org\/{rel}","templated":true}]}}