{"id":7754,"date":"2026-04-16T13:52:28","date_gmt":"2026-04-16T16:52:28","guid":{"rendered":"https:\/\/cimnoroeste.es.gov.br\/?p=7754"},"modified":"2026-04-22T13:53:46","modified_gmt":"2026-04-22T16:53:46","slug":"fortalecimento-regional-da-saude-e-destaque-em-reuniao-do-cim-noroeste-es","status":"publish","type":"post","link":"https:\/\/cimnoroeste.es.gov.br\/?p=7754","title":{"rendered":"Fortalecimento Regional da Sa\u00fade \u00e9 Destaque em Reuni\u00e3o do CIM Noroeste\/ES"},"content":{"rendered":"<p data-start=\"79\" data-end=\"401\"><img loading=\"lazy\" decoding=\"async\" class=\"alignnone size-full wp-image-7755\" src=\"https:\/\/cimnoroeste.es.gov.br\/wp-content\/uploads\/2026\/04\/WhatsApp-Image-2026-04-22-at-13.51.30.jpeg\" alt=\"\" width=\"1290\" height=\"841\" srcset=\"https:\/\/cimnoroeste.es.gov.br\/wp-content\/uploads\/2026\/04\/WhatsApp-Image-2026-04-22-at-13.51.30.jpeg 1290w, https:\/\/cimnoroeste.es.gov.br\/wp-content\/uploads\/2026\/04\/WhatsApp-Image-2026-04-22-at-13.51.30-300x196.jpeg 300w, https:\/\/cimnoroeste.es.gov.br\/wp-content\/uploads\/2026\/04\/WhatsApp-Image-2026-04-22-at-13.51.30-1024x668.jpeg 1024w, https:\/\/cimnoroeste.es.gov.br\/wp-content\/uploads\/2026\/04\/WhatsApp-Image-2026-04-22-at-13.51.30-768x501.jpeg 768w\" sizes=\"auto, (max-width: 1290px) 100vw, 1290px\" \/>A reuni\u00e3o da C\u00e2mara Setorial de Sa\u00fade do CIM Noroeste\/ES, realizada na sede do cons\u00f3rcio com a presen\u00e7a de secret\u00e1rios municipais de sa\u00fade e t\u00e9cnicos da \u00e1rea dos munic\u00edpios consorciados, consolidou-se como um momento estrat\u00e9gico para o fortalecimento da gest\u00e3o regional e a qualifica\u00e7\u00e3o dos servi\u00e7os ofertados \u00e0 popula\u00e7\u00e3o.<\/p>\n<p data-start=\"403\" data-end=\"748\">O encontro foi marcado por um ambiente de di\u00e1logo produtivo e constru\u00e7\u00e3o conjunta, no qual foram debatidas pautas fundamentais para o avan\u00e7o da sa\u00fade p\u00fablica, como a atualiza\u00e7\u00e3o dos servi\u00e7os, a an\u00e1lise de contratos, a amplia\u00e7\u00e3o da telemedicina e o aprimoramento dos processos que impactam diretamente na efici\u00eancia e na qualidade do atendimento.<\/p>\n<p data-start=\"750\" data-end=\"1017\">A integra\u00e7\u00e3o entre os munic\u00edpios e o alinhamento t\u00e9cnico das a\u00e7\u00f5es demonstram o compromisso coletivo com uma sa\u00fade mais resolutiva, moderna e acess\u00edvel, refor\u00e7ando o papel do cons\u00f3rcio como instrumento essencial para o fortalecimento das pol\u00edticas p\u00fablicas regionais.<\/p>\n<p data-start=\"1019\" data-end=\"1543\">O presidente do CIM Noroeste, Augusto Astori Ferreira, foi representado pelo superintendente Smilei Duques, que destacou a relev\u00e2ncia do momento:<br data-start=\"1164\" data-end=\"1167\" \/>\u201cA C\u00e2mara Setorial de Sa\u00fade \u00e9 um espa\u00e7o essencial para alinharmos ideias, fortalecermos parcerias e buscarmos solu\u00e7\u00f5es conjuntas. Quando os munic\u00edpios caminham unidos, conseguimos avan\u00e7ar com mais efici\u00eancia, garantindo servi\u00e7os de maior qualidade para nossa popula\u00e7\u00e3o. Esse \u00e9 o nosso compromisso: integrar, planejar e entregar resultados concretos na sa\u00fade p\u00fablica regional.\u201d<\/p>\n<p data-start=\"1545\" data-end=\"1783\" data-is-last-node=\"\" data-is-only-node=\"\">A reuni\u00e3o reafirma a import\u00e2ncia da participa\u00e7\u00e3o ativa dos munic\u00edpios nas decis\u00f5es consorciadas, fortalecendo a uni\u00e3o regional e promovendo avan\u00e7os significativos na constru\u00e7\u00e3o de uma sa\u00fade cada vez mais eficiente, integrada e humanizada.<\/p>\n","protected":false},"excerpt":{"rendered":"<p>A reuni\u00e3o da C\u00e2mara Setorial de Sa\u00fade do CIM Noroeste\/ES, realizada na sede do cons\u00f3rcio com a presen\u00e7a de secret\u00e1rios municipais de sa\u00fade e t\u00e9cnicos da \u00e1rea dos munic\u00edpios consorciados, consolidou-se como um momento estrat\u00e9gico para o fortalecimento da gest\u00e3o regional e a qualifica\u00e7\u00e3o dos servi\u00e7os ofertados \u00e0 popula\u00e7\u00e3o. O encontro foi marcado por um ambiente de di\u00e1logo produtivo e constru\u00e7\u00e3o conjunta, no qual foram debatidas pautas fundamentais para o avan\u00e7o da sa\u00fade p\u00fablica, como a atualiza\u00e7\u00e3o dos servi\u00e7os, a an\u00e1lise de contratos, a amplia\u00e7\u00e3o da telemedicina e o aprimoramento dos processos que impactam diretamente na efici\u00eancia e na qualidade do atendimento. A integra\u00e7\u00e3o entre os munic\u00edpios e o alinhamento t\u00e9cnico das a\u00e7\u00f5es demonstram o compromisso coletivo com uma sa\u00fade mais resolutiva, moderna e acess\u00edvel, refor\u00e7ando o papel do cons\u00f3rcio como instrumento essencial para o fortalecimento das pol\u00edticas p\u00fablicas regionais. O presidente do CIM Noroeste, Augusto Astori Ferreira, foi representado pelo superintendente Smilei Duques, que destacou a relev\u00e2ncia do momento:\u201cA C\u00e2mara Setorial de Sa\u00fade \u00e9 um espa\u00e7o essencial para alinharmos ideias, fortalecermos parcerias e buscarmos solu\u00e7\u00f5es conjuntas. Quando os munic\u00edpios caminham unidos, conseguimos avan\u00e7ar com mais efici\u00eancia, garantindo servi\u00e7os de maior qualidade para nossa popula\u00e7\u00e3o. Esse \u00e9 o nosso compromisso: integrar, planejar e entregar resultados concretos na sa\u00fade p\u00fablica regional.\u201d A reuni\u00e3o reafirma a import\u00e2ncia da participa\u00e7\u00e3o ativa dos munic\u00edpios nas decis\u00f5es consorciadas, fortalecendo a uni\u00e3o regional e promovendo avan\u00e7os significativos na constru\u00e7\u00e3o de uma sa\u00fade cada vez mais eficiente, integrada e humanizada.<\/p>\n","protected":false},"author":1,"featured_media":7755,"comment_status":"open","ping_status":"open","sticky":false,"template":"","format":"standard","meta":{"footnotes":""},"categories":[1],"tags":[],"class_list":["post-7754","post","type-post","status-publish","format-standard","has-post-thumbnail","hentry","category-cim-noroeste"],"_links":{"self":[{"href":"https:\/\/cimnoroeste.es.gov.br\/index.php?rest_route=\/wp\/v2\/posts\/7754","targetHints":{"allow":["GET"]}}],"collection":[{"href":"https:\/\/cimnoroeste.es.gov.br\/index.php?rest_route=\/wp\/v2\/posts"}],"about":[{"href":"https:\/\/cimnoroeste.es.gov.br\/index.php?rest_route=\/wp\/v2\/types\/post"}],"author":[{"embeddable":true,"href":"https:\/\/cimnoroeste.es.gov.br\/index.php?rest_route=\/wp\/v2\/users\/1"}],"replies":[{"embeddable":true,"href":"https:\/\/cimnoroeste.es.gov.br\/index.php?rest_route=%2Fwp%2Fv2%2Fcomments&post=7754"}],"version-history":[{"count":1,"href":"https:\/\/cimnoroeste.es.gov.br\/index.php?rest_route=\/wp\/v2\/posts\/7754\/revisions"}],"predecessor-version":[{"id":7756,"href":"https:\/\/cimnoroeste.es.gov.br\/index.php?rest_route=\/wp\/v2\/posts\/7754\/revisions\/7756"}],"wp:featuredmedia":[{"embeddable":true,"href":"https:\/\/cimnoroeste.es.gov.br\/index.php?rest_route=\/wp\/v2\/media\/7755"}],"wp:attachment":[{"href":"https:\/\/cimnoroeste.es.gov.br\/index.php?rest_route=%2Fwp%2Fv2%2Fmedia&parent=7754"}],"wp:term":[{"taxonomy":"category","embeddable":true,"href":"https:\/\/cimnoroeste.es.gov.br\/index.php?rest_route=%2Fwp%2Fv2%2Fcategories&post=7754"},{"taxonomy":"post_tag","embeddable":true,"href":"https:\/\/cimnoroeste.es.gov.br\/index.php?rest_route=%2Fwp%2Fv2%2Ftags&post=7754"}],"curies":[{"name":"wp","href":"https:\/\/api.w.org\/{rel}","templated":true}]}}