{"id":7757,"date":"2026-04-09T13:56:26","date_gmt":"2026-04-09T16:56:26","guid":{"rendered":"https:\/\/cimnoroeste.es.gov.br\/?p=7757"},"modified":"2026-04-22T13:56:56","modified_gmt":"2026-04-22T16:56:56","slug":"cim-noroeste-recebe-vereadores-de-barra-de-sao-francisco-e-reforca-integracao-regional","status":"publish","type":"post","link":"https:\/\/cimnoroeste.es.gov.br\/?p=7757","title":{"rendered":"CIM Noroeste recebe vereadores de Barra de S\u00e3o Francisco e refor\u00e7a integra\u00e7\u00e3o regional"},"content":{"rendered":"<p data-start=\"92\" data-end=\"405\"><img loading=\"lazy\" decoding=\"async\" class=\"alignnone size-full wp-image-7758\" src=\"https:\/\/cimnoroeste.es.gov.br\/wp-content\/uploads\/2026\/04\/WhatsApp-Image-2026-04-22-at-13.51.30-1.jpeg\" alt=\"\" width=\"1290\" height=\"1020\" srcset=\"https:\/\/cimnoroeste.es.gov.br\/wp-content\/uploads\/2026\/04\/WhatsApp-Image-2026-04-22-at-13.51.30-1.jpeg 1290w, https:\/\/cimnoroeste.es.gov.br\/wp-content\/uploads\/2026\/04\/WhatsApp-Image-2026-04-22-at-13.51.30-1-300x237.jpeg 300w, https:\/\/cimnoroeste.es.gov.br\/wp-content\/uploads\/2026\/04\/WhatsApp-Image-2026-04-22-at-13.51.30-1-1024x810.jpeg 1024w, https:\/\/cimnoroeste.es.gov.br\/wp-content\/uploads\/2026\/04\/WhatsApp-Image-2026-04-22-at-13.51.30-1-768x607.jpeg 768w\" sizes=\"auto, (max-width: 1290px) 100vw, 1290px\" \/>A sede do CIM Noroeste segue se consolidando como um importante espa\u00e7o de integra\u00e7\u00e3o e fortalecimento regional. Em mais um momento de di\u00e1logo institucional, o cons\u00f3rcio recebeu com grande satisfa\u00e7\u00e3o os vereadores da C\u00e2mara de Barra de S\u00e3o Francisco, Emerson Lima (presidente) e Leandro (primeiro vice-presidente).<\/p>\n<p data-start=\"407\" data-end=\"620\">O encontro foi marcado por uma conversa produtiva, pautada na troca de ideias e na busca por solu\u00e7\u00f5es conjuntas que contribuam para o desenvolvimento dos munic\u00edpios e a melhoria dos servi\u00e7os prestados \u00e0 popula\u00e7\u00e3o.<\/p>\n<p data-start=\"622\" data-end=\"1001\">A equipe do CIM Noroeste reafirma seu compromisso em manter as portas sempre abertas para iniciativas que promovam a uni\u00e3o entre os munic\u00edpios. \u00c9 por meio dessa parceria s\u00f3lida, constru\u00edda com base no respeito, di\u00e1logo e coopera\u00e7\u00e3o, que o cons\u00f3rcio segue fortalecendo a\u00e7\u00f5es, compartilhando experi\u00eancias e criando caminhos cada vez mais eficientes para o desenvolvimento regional.<\/p>\n<p data-start=\"1003\" data-end=\"1089\" data-is-last-node=\"\" data-is-only-node=\"\">Juntos, avan\u00e7amos com transpar\u00eancia, responsabilidade e compromisso com a nossa gente.<\/p>\n","protected":false},"excerpt":{"rendered":"<p>A sede do CIM Noroeste segue se consolidando como um importante espa\u00e7o de integra\u00e7\u00e3o e fortalecimento regional. Em mais um momento de di\u00e1logo institucional, o cons\u00f3rcio recebeu com grande satisfa\u00e7\u00e3o os vereadores da C\u00e2mara de Barra de S\u00e3o Francisco, Emerson Lima (presidente) e Leandro (primeiro vice-presidente). O encontro foi marcado por uma conversa produtiva, pautada na troca de ideias e na busca por solu\u00e7\u00f5es conjuntas que contribuam para o desenvolvimento dos munic\u00edpios e a melhoria dos servi\u00e7os prestados \u00e0 popula\u00e7\u00e3o. A equipe do CIM Noroeste reafirma seu compromisso em manter as portas sempre abertas para iniciativas que promovam a uni\u00e3o entre os munic\u00edpios. \u00c9 por meio dessa parceria s\u00f3lida, constru\u00edda com base no respeito, di\u00e1logo e coopera\u00e7\u00e3o, que o cons\u00f3rcio segue fortalecendo a\u00e7\u00f5es, compartilhando experi\u00eancias e criando caminhos cada vez mais eficientes para o desenvolvimento regional. Juntos, avan\u00e7amos com transpar\u00eancia, responsabilidade e compromisso com a nossa gente.<\/p>\n","protected":false},"author":1,"featured_media":7758,"comment_status":"open","ping_status":"open","sticky":false,"template":"","format":"standard","meta":{"footnotes":""},"categories":[1],"tags":[],"class_list":["post-7757","post","type-post","status-publish","format-standard","has-post-thumbnail","hentry","category-cim-noroeste"],"_links":{"self":[{"href":"https:\/\/cimnoroeste.es.gov.br\/index.php?rest_route=\/wp\/v2\/posts\/7757","targetHints":{"allow":["GET"]}}],"collection":[{"href":"https:\/\/cimnoroeste.es.gov.br\/index.php?rest_route=\/wp\/v2\/posts"}],"about":[{"href":"https:\/\/cimnoroeste.es.gov.br\/index.php?rest_route=\/wp\/v2\/types\/post"}],"author":[{"embeddable":true,"href":"https:\/\/cimnoroeste.es.gov.br\/index.php?rest_route=\/wp\/v2\/users\/1"}],"replies":[{"embeddable":true,"href":"https:\/\/cimnoroeste.es.gov.br\/index.php?rest_route=%2Fwp%2Fv2%2Fcomments&post=7757"}],"version-history":[{"count":1,"href":"https:\/\/cimnoroeste.es.gov.br\/index.php?rest_route=\/wp\/v2\/posts\/7757\/revisions"}],"predecessor-version":[{"id":7759,"href":"https:\/\/cimnoroeste.es.gov.br\/index.php?rest_route=\/wp\/v2\/posts\/7757\/revisions\/7759"}],"wp:featuredmedia":[{"embeddable":true,"href":"https:\/\/cimnoroeste.es.gov.br\/index.php?rest_route=\/wp\/v2\/media\/7758"}],"wp:attachment":[{"href":"https:\/\/cimnoroeste.es.gov.br\/index.php?rest_route=%2Fwp%2Fv2%2Fmedia&parent=7757"}],"wp:term":[{"taxonomy":"category","embeddable":true,"href":"https:\/\/cimnoroeste.es.gov.br\/index.php?rest_route=%2Fwp%2Fv2%2Fcategories&post=7757"},{"taxonomy":"post_tag","embeddable":true,"href":"https:\/\/cimnoroeste.es.gov.br\/index.php?rest_route=%2Fwp%2Fv2%2Ftags&post=7757"}],"curies":[{"name":"wp","href":"https:\/\/api.w.org\/{rel}","templated":true}]}}