{"id":7760,"date":"2026-04-22T14:11:19","date_gmt":"2026-04-22T17:11:19","guid":{"rendered":"https:\/\/cimnoroeste.es.gov.br\/?p=7760"},"modified":"2026-04-22T14:11:19","modified_gmt":"2026-04-22T17:11:19","slug":"camara-setorial-participa-de-oficina-territorial-e-reforca-compromisso-com-o-desenvolvimento-sustentavel","status":"publish","type":"post","link":"https:\/\/cimnoroeste.es.gov.br\/?p=7760","title":{"rendered":"C\u00e2mara Setorial participa de Oficina Territorial e refor\u00e7a compromisso com o desenvolvimento sustent\u00e1vel"},"content":{"rendered":"<p data-start=\"110\" data-end=\"476\"><img loading=\"lazy\" decoding=\"async\" class=\"alignnone size-full wp-image-7761\" src=\"https:\/\/cimnoroeste.es.gov.br\/wp-content\/uploads\/2026\/04\/WhatsApp-Image-2026-04-22-at-13.51.30-2.jpeg\" alt=\"\" width=\"1286\" height=\"1600\" srcset=\"https:\/\/cimnoroeste.es.gov.br\/wp-content\/uploads\/2026\/04\/WhatsApp-Image-2026-04-22-at-13.51.30-2.jpeg 1286w, https:\/\/cimnoroeste.es.gov.br\/wp-content\/uploads\/2026\/04\/WhatsApp-Image-2026-04-22-at-13.51.30-2-241x300.jpeg 241w, https:\/\/cimnoroeste.es.gov.br\/wp-content\/uploads\/2026\/04\/WhatsApp-Image-2026-04-22-at-13.51.30-2-823x1024.jpeg 823w, https:\/\/cimnoroeste.es.gov.br\/wp-content\/uploads\/2026\/04\/WhatsApp-Image-2026-04-22-at-13.51.30-2-768x956.jpeg 768w, https:\/\/cimnoroeste.es.gov.br\/wp-content\/uploads\/2026\/04\/WhatsApp-Image-2026-04-22-at-13.51.30-2-1235x1536.jpeg 1235w\" sizes=\"auto, (max-width: 1286px) 100vw, 1286px\" \/>A C\u00e2mara Setorial de Meio Ambiente e Agricultura marcou presen\u00e7a, na \u00faltima quarta-feira, na Oficina do Plano de Coopera\u00e7\u00e3o Territorial, uma iniciativa voltada \u00e0 promo\u00e7\u00e3o da integra\u00e7\u00e3o entre institui\u00e7\u00f5es p\u00fablicas, privadas e a comunidade. O encontro teve como principal objetivo fortalecer e valorizar produtores rurais, escolas agr\u00edcolas e comunidades tradicionais.<\/p>\n<p data-start=\"478\" data-end=\"786\">O evento reuniu importantes entidades, entre elas o Minist\u00e9rio do Meio Ambiente (MMA), a Secretaria de Estado do Meio Ambiente, a Universidade Federal do Esp\u00edrito Santo (UFES), o Instituto Mata Atl\u00e2ntica, a Funda\u00e7\u00e3o Banco do Brasil, o Instituto Yp\u00ea, o BNDES, o CEIER\/AB, al\u00e9m de escolas agr\u00edcolas municipais.<\/p>\n<p data-start=\"788\" data-end=\"1234\">Durante a programa\u00e7\u00e3o da manh\u00e3, foram realizadas palestras t\u00e9cnicas e a apresenta\u00e7\u00e3o oficial do Plano de Coopera\u00e7\u00e3o Territorial, destacando estrat\u00e9gias e diretrizes para o desenvolvimento sustent\u00e1vel da regi\u00e3o. No per\u00edodo da tarde, o p\u00fablico acompanhou demonstra\u00e7\u00f5es pr\u00e1ticas das atividades desenvolvidas pelas escolas agr\u00edcolas, al\u00e9m de apresenta\u00e7\u00f5es culturais e espa\u00e7os dedicados \u00e0 degusta\u00e7\u00e3o e comercializa\u00e7\u00e3o de produtos artesanais regionais.<\/p>\n<p data-start=\"1236\" data-end=\"1419\">Como marco simb\u00f3lico do compromisso com a preserva\u00e7\u00e3o ambiental e as futuras gera\u00e7\u00f5es, o encerramento do evento foi marcado pelo plantio de dez mudas de ip\u00eas, nas cores branca e roxa.<\/p>\n<p data-start=\"1421\" data-end=\"1739\" data-is-last-node=\"\" data-is-only-node=\"\">Para o CIM Noroeste, iniciativas como essa refor\u00e7am a import\u00e2ncia da coopera\u00e7\u00e3o entre os diversos atores sociais, promovendo a conscientiza\u00e7\u00e3o ambiental, o fortalecimento da identidade regional e a valoriza\u00e7\u00e3o dos saberes tradicionais \u2014 pilares essenciais para o desenvolvimento sustent\u00e1vel e integrado dos munic\u00edpios.<\/p>\n","protected":false},"excerpt":{"rendered":"<p>A C\u00e2mara Setorial de Meio Ambiente e Agricultura marcou presen\u00e7a, na \u00faltima quarta-feira, na Oficina do Plano de Coopera\u00e7\u00e3o Territorial, uma iniciativa voltada \u00e0 promo\u00e7\u00e3o da integra\u00e7\u00e3o entre institui\u00e7\u00f5es p\u00fablicas, privadas e a comunidade. O encontro teve como principal objetivo fortalecer e valorizar produtores rurais, escolas agr\u00edcolas e comunidades tradicionais. O evento reuniu importantes entidades, entre elas o Minist\u00e9rio do Meio Ambiente (MMA), a Secretaria de Estado do Meio Ambiente, a Universidade Federal do Esp\u00edrito Santo (UFES), o Instituto Mata Atl\u00e2ntica, a Funda\u00e7\u00e3o Banco do Brasil, o Instituto Yp\u00ea, o BNDES, o CEIER\/AB, al\u00e9m de escolas agr\u00edcolas municipais. Durante a programa\u00e7\u00e3o da manh\u00e3, foram realizadas palestras t\u00e9cnicas e a apresenta\u00e7\u00e3o oficial do Plano de Coopera\u00e7\u00e3o Territorial, destacando estrat\u00e9gias e diretrizes para o desenvolvimento sustent\u00e1vel da regi\u00e3o. No per\u00edodo da tarde, o p\u00fablico acompanhou demonstra\u00e7\u00f5es pr\u00e1ticas das atividades desenvolvidas pelas escolas agr\u00edcolas, al\u00e9m de apresenta\u00e7\u00f5es culturais e espa\u00e7os dedicados \u00e0 degusta\u00e7\u00e3o e comercializa\u00e7\u00e3o de produtos artesanais regionais. Como marco simb\u00f3lico do compromisso com a preserva\u00e7\u00e3o ambiental e as futuras gera\u00e7\u00f5es, o encerramento do evento foi marcado pelo plantio de dez mudas de ip\u00eas, nas cores branca e roxa. Para o CIM Noroeste, iniciativas como essa refor\u00e7am a import\u00e2ncia da coopera\u00e7\u00e3o entre os diversos atores sociais, promovendo a conscientiza\u00e7\u00e3o ambiental, o fortalecimento da identidade regional e a valoriza\u00e7\u00e3o dos saberes tradicionais \u2014 pilares essenciais para o desenvolvimento sustent\u00e1vel e integrado dos munic\u00edpios.<\/p>\n","protected":false},"author":1,"featured_media":7761,"comment_status":"open","ping_status":"open","sticky":false,"template":"","format":"standard","meta":{"footnotes":""},"categories":[1],"tags":[],"class_list":["post-7760","post","type-post","status-publish","format-standard","has-post-thumbnail","hentry","category-cim-noroeste"],"_links":{"self":[{"href":"https:\/\/cimnoroeste.es.gov.br\/index.php?rest_route=\/wp\/v2\/posts\/7760","targetHints":{"allow":["GET"]}}],"collection":[{"href":"https:\/\/cimnoroeste.es.gov.br\/index.php?rest_route=\/wp\/v2\/posts"}],"about":[{"href":"https:\/\/cimnoroeste.es.gov.br\/index.php?rest_route=\/wp\/v2\/types\/post"}],"author":[{"embeddable":true,"href":"https:\/\/cimnoroeste.es.gov.br\/index.php?rest_route=\/wp\/v2\/users\/1"}],"replies":[{"embeddable":true,"href":"https:\/\/cimnoroeste.es.gov.br\/index.php?rest_route=%2Fwp%2Fv2%2Fcomments&post=7760"}],"version-history":[{"count":1,"href":"https:\/\/cimnoroeste.es.gov.br\/index.php?rest_route=\/wp\/v2\/posts\/7760\/revisions"}],"predecessor-version":[{"id":7762,"href":"https:\/\/cimnoroeste.es.gov.br\/index.php?rest_route=\/wp\/v2\/posts\/7760\/revisions\/7762"}],"wp:featuredmedia":[{"embeddable":true,"href":"https:\/\/cimnoroeste.es.gov.br\/index.php?rest_route=\/wp\/v2\/media\/7761"}],"wp:attachment":[{"href":"https:\/\/cimnoroeste.es.gov.br\/index.php?rest_route=%2Fwp%2Fv2%2Fmedia&parent=7760"}],"wp:term":[{"taxonomy":"category","embeddable":true,"href":"https:\/\/cimnoroeste.es.gov.br\/index.php?rest_route=%2Fwp%2Fv2%2Fcategories&post=7760"},{"taxonomy":"post_tag","embeddable":true,"href":"https:\/\/cimnoroeste.es.gov.br\/index.php?rest_route=%2Fwp%2Fv2%2Ftags&post=7760"}],"curies":[{"name":"wp","href":"https:\/\/api.w.org\/{rel}","templated":true}]}}