{"id":7763,"date":"2026-04-22T14:16:27","date_gmt":"2026-04-22T17:16:27","guid":{"rendered":"https:\/\/cimnoroeste.es.gov.br\/?p=7763"},"modified":"2026-04-22T14:16:27","modified_gmt":"2026-04-22T17:16:27","slug":"consorcios-de-saude-alinham-estrategias-para-fortalecer-o-samu-192-no-espirito-santo","status":"publish","type":"post","link":"https:\/\/cimnoroeste.es.gov.br\/?p=7763","title":{"rendered":"Cons\u00f3rcios de sa\u00fade alinham estrat\u00e9gias para fortalecer o SAMU 192 no Esp\u00edrito Santo"},"content":{"rendered":"<p data-start=\"90\" data-end=\"345\"><img loading=\"lazy\" decoding=\"async\" class=\"alignnone size-full wp-image-7764\" src=\"https:\/\/cimnoroeste.es.gov.br\/wp-content\/uploads\/2026\/04\/WhatsApp-Image-2026-04-22-at-13.51.31.jpeg\" alt=\"\" width=\"1290\" height=\"1072\" srcset=\"https:\/\/cimnoroeste.es.gov.br\/wp-content\/uploads\/2026\/04\/WhatsApp-Image-2026-04-22-at-13.51.31.jpeg 1290w, https:\/\/cimnoroeste.es.gov.br\/wp-content\/uploads\/2026\/04\/WhatsApp-Image-2026-04-22-at-13.51.31-300x249.jpeg 300w, https:\/\/cimnoroeste.es.gov.br\/wp-content\/uploads\/2026\/04\/WhatsApp-Image-2026-04-22-at-13.51.31-1024x851.jpeg 1024w, https:\/\/cimnoroeste.es.gov.br\/wp-content\/uploads\/2026\/04\/WhatsApp-Image-2026-04-22-at-13.51.31-768x638.jpeg 768w\" sizes=\"auto, (max-width: 1290px) 100vw, 1290px\" \/>Representantes dos cons\u00f3rcios p\u00fablicos de sa\u00fade, incluindo presidentes, superintendentes e equipes de assessoria em gest\u00e3o, estiveram reunidos em mais um importante encontro voltado ao fortalecimento do Servi\u00e7o de Atendimento M\u00f3vel de Urg\u00eancia \u2013 SAMU 192.<\/p>\n<p data-start=\"347\" data-end=\"683\">A reuni\u00e3o teve como principal objetivo avan\u00e7ar na constru\u00e7\u00e3o de solu\u00e7\u00f5es conjuntas para garantir a efici\u00eancia e a sustentabilidade do servi\u00e7o. Entre as pautas discutidas, destacaram-se o estudo detalhado dos custos operacionais, a an\u00e1lise da efetividade dos atendimentos prestados e o planejamento estrat\u00e9gico para os pr\u00f3ximos per\u00edodos.<\/p>\n<p data-start=\"685\" data-end=\"1059\">Tamb\u00e9m estiveram em debate as demandas relacionadas \u00e0 evolu\u00e7\u00e3o financeira necess\u00e1ria para a manuten\u00e7\u00e3o e amplia\u00e7\u00e3o do servi\u00e7o, tema que segue sob responsabilidade da Secretaria de Estado da Sa\u00fade (SESA). A expectativa dos cons\u00f3rcios \u00e9 de que, a partir desse alinhamento, sejam asseguradas condi\u00e7\u00f5es adequadas para a continuidade e o aprimoramento do atendimento \u00e0 popula\u00e7\u00e3o.<\/p>\n<p data-start=\"1061\" data-end=\"1289\" data-is-last-node=\"\" data-is-only-node=\"\">O encontro refor\u00e7a a import\u00e2ncia da atua\u00e7\u00e3o integrada entre os cons\u00f3rcios e o Governo do Estado, com foco na garantia da qualidade, agilidade e sustentabilidade do SAMU 192 \u2014 servi\u00e7o essencial para salvar vidas em toda a regi\u00e3o.<\/p>\n","protected":false},"excerpt":{"rendered":"<p>Representantes dos cons\u00f3rcios p\u00fablicos de sa\u00fade, incluindo presidentes, superintendentes e equipes de assessoria em gest\u00e3o, estiveram reunidos em mais um importante encontro voltado ao fortalecimento do Servi\u00e7o de Atendimento M\u00f3vel de Urg\u00eancia \u2013 SAMU 192. A reuni\u00e3o teve como principal objetivo avan\u00e7ar na constru\u00e7\u00e3o de solu\u00e7\u00f5es conjuntas para garantir a efici\u00eancia e a sustentabilidade do servi\u00e7o. Entre as pautas discutidas, destacaram-se o estudo detalhado dos custos operacionais, a an\u00e1lise da efetividade dos atendimentos prestados e o planejamento estrat\u00e9gico para os pr\u00f3ximos per\u00edodos. Tamb\u00e9m estiveram em debate as demandas relacionadas \u00e0 evolu\u00e7\u00e3o financeira necess\u00e1ria para a manuten\u00e7\u00e3o e amplia\u00e7\u00e3o do servi\u00e7o, tema que segue sob responsabilidade da Secretaria de Estado da Sa\u00fade (SESA). A expectativa dos cons\u00f3rcios \u00e9 de que, a partir desse alinhamento, sejam asseguradas condi\u00e7\u00f5es adequadas para a continuidade e o aprimoramento do atendimento \u00e0 popula\u00e7\u00e3o. O encontro refor\u00e7a a import\u00e2ncia da atua\u00e7\u00e3o integrada entre os cons\u00f3rcios e o Governo do Estado, com foco na garantia da qualidade, agilidade e sustentabilidade do SAMU 192 \u2014 servi\u00e7o essencial para salvar vidas em toda a regi\u00e3o.<\/p>\n","protected":false},"author":1,"featured_media":7764,"comment_status":"open","ping_status":"open","sticky":false,"template":"","format":"standard","meta":{"footnotes":""},"categories":[1],"tags":[],"class_list":["post-7763","post","type-post","status-publish","format-standard","has-post-thumbnail","hentry","category-cim-noroeste"],"_links":{"self":[{"href":"https:\/\/cimnoroeste.es.gov.br\/index.php?rest_route=\/wp\/v2\/posts\/7763","targetHints":{"allow":["GET"]}}],"collection":[{"href":"https:\/\/cimnoroeste.es.gov.br\/index.php?rest_route=\/wp\/v2\/posts"}],"about":[{"href":"https:\/\/cimnoroeste.es.gov.br\/index.php?rest_route=\/wp\/v2\/types\/post"}],"author":[{"embeddable":true,"href":"https:\/\/cimnoroeste.es.gov.br\/index.php?rest_route=\/wp\/v2\/users\/1"}],"replies":[{"embeddable":true,"href":"https:\/\/cimnoroeste.es.gov.br\/index.php?rest_route=%2Fwp%2Fv2%2Fcomments&post=7763"}],"version-history":[{"count":1,"href":"https:\/\/cimnoroeste.es.gov.br\/index.php?rest_route=\/wp\/v2\/posts\/7763\/revisions"}],"predecessor-version":[{"id":7765,"href":"https:\/\/cimnoroeste.es.gov.br\/index.php?rest_route=\/wp\/v2\/posts\/7763\/revisions\/7765"}],"wp:featuredmedia":[{"embeddable":true,"href":"https:\/\/cimnoroeste.es.gov.br\/index.php?rest_route=\/wp\/v2\/media\/7764"}],"wp:attachment":[{"href":"https:\/\/cimnoroeste.es.gov.br\/index.php?rest_route=%2Fwp%2Fv2%2Fmedia&parent=7763"}],"wp:term":[{"taxonomy":"category","embeddable":true,"href":"https:\/\/cimnoroeste.es.gov.br\/index.php?rest_route=%2Fwp%2Fv2%2Fcategories&post=7763"},{"taxonomy":"post_tag","embeddable":true,"href":"https:\/\/cimnoroeste.es.gov.br\/index.php?rest_route=%2Fwp%2Fv2%2Ftags&post=7763"}],"curies":[{"name":"wp","href":"https:\/\/api.w.org\/{rel}","templated":true}]}}