{"id":7766,"date":"2026-04-22T14:18:34","date_gmt":"2026-04-22T17:18:34","guid":{"rendered":"https:\/\/cimnoroeste.es.gov.br\/?p=7766"},"modified":"2026-04-22T14:20:58","modified_gmt":"2026-04-22T17:20:58","slug":"camara-setorial-de-meio-ambiente-e-agricultura-fortalece-integracao-com-municipios","status":"publish","type":"post","link":"https:\/\/cimnoroeste.es.gov.br\/?p=7766","title":{"rendered":"C\u00e2mara Setorial de Meio Ambiente e Agricultura fortalece integra\u00e7\u00e3o com munic\u00edpios"},"content":{"rendered":"<p data-start=\"88\" data-end=\"305\"><img loading=\"lazy\" decoding=\"async\" class=\"alignnone wp-image-7767 size-full\" src=\"https:\/\/cimnoroeste.es.gov.br\/wp-content\/uploads\/2026\/04\/WhatsApp-Image-2026-04-22-at-13.51.31-1-e1776878450980.jpeg\" alt=\"\" width=\"1290\" height=\"730\" srcset=\"https:\/\/cimnoroeste.es.gov.br\/wp-content\/uploads\/2026\/04\/WhatsApp-Image-2026-04-22-at-13.51.31-1-e1776878450980.jpeg 1290w, https:\/\/cimnoroeste.es.gov.br\/wp-content\/uploads\/2026\/04\/WhatsApp-Image-2026-04-22-at-13.51.31-1-e1776878450980-300x170.jpeg 300w, https:\/\/cimnoroeste.es.gov.br\/wp-content\/uploads\/2026\/04\/WhatsApp-Image-2026-04-22-at-13.51.31-1-e1776878450980-1024x579.jpeg 1024w, https:\/\/cimnoroeste.es.gov.br\/wp-content\/uploads\/2026\/04\/WhatsApp-Image-2026-04-22-at-13.51.31-1-e1776878450980-768x435.jpeg 768w\" sizes=\"auto, (max-width: 1290px) 100vw, 1290px\" \/>A C\u00e2mara Setorial de Meio Ambiente e Agricultura realizou reuni\u00e3o com os secret\u00e1rios municipais da \u00e1rea, reafirmando o compromisso com o fortalecimento das pol\u00edticas p\u00fablicas e o desenvolvimento sustent\u00e1vel da regi\u00e3o.<\/p>\n<p data-start=\"307\" data-end=\"546\">O encontro teve como foco o alinhamento das a\u00e7\u00f5es e projetos em andamento, al\u00e9m da apresenta\u00e7\u00e3o dos resultados j\u00e1 alcan\u00e7ados, promovendo um ambiente de di\u00e1logo produtivo, coopera\u00e7\u00e3o e troca de experi\u00eancias entre os munic\u00edpios consorciados.<\/p>\n<p data-start=\"548\" data-end=\"796\">Durante a reuni\u00e3o, foram debatidas estrat\u00e9gias voltadas ao aprimoramento da gest\u00e3o ambiental, com \u00eanfase na efici\u00eancia dos processos, na regulariza\u00e7\u00e3o das atividades e na constru\u00e7\u00e3o de solu\u00e7\u00f5es sustent\u00e1veis que atendam \u00e0s demandas atuais e futuras.<\/p>\n<p data-start=\"798\" data-end=\"1043\" data-is-last-node=\"\" data-is-only-node=\"\">A iniciativa evidencia o compromisso do cons\u00f3rcio com o trabalho integrado, o planejamento estrat\u00e9gico e a uni\u00e3o de esfor\u00e7os, garantindo mais qualidade nas decis\u00f5es, avan\u00e7os concretos na \u00e1rea ambiental e benef\u00edcios diretos para toda a popula\u00e7\u00e3o.<\/p>\n","protected":false},"excerpt":{"rendered":"<p>A C\u00e2mara Setorial de Meio Ambiente e Agricultura realizou reuni\u00e3o com os secret\u00e1rios municipais da \u00e1rea, reafirmando o compromisso com o fortalecimento das pol\u00edticas p\u00fablicas e o desenvolvimento sustent\u00e1vel da regi\u00e3o. O encontro teve como foco o alinhamento das a\u00e7\u00f5es e projetos em andamento, al\u00e9m da apresenta\u00e7\u00e3o dos resultados j\u00e1 alcan\u00e7ados, promovendo um ambiente de di\u00e1logo produtivo, coopera\u00e7\u00e3o e troca de experi\u00eancias entre os munic\u00edpios consorciados. Durante a reuni\u00e3o, foram debatidas estrat\u00e9gias voltadas ao aprimoramento da gest\u00e3o ambiental, com \u00eanfase na efici\u00eancia dos processos, na regulariza\u00e7\u00e3o das atividades e na constru\u00e7\u00e3o de solu\u00e7\u00f5es sustent\u00e1veis que atendam \u00e0s demandas atuais e futuras. A iniciativa evidencia o compromisso do cons\u00f3rcio com o trabalho integrado, o planejamento estrat\u00e9gico e a uni\u00e3o de esfor\u00e7os, garantindo mais qualidade nas decis\u00f5es, avan\u00e7os concretos na \u00e1rea ambiental e benef\u00edcios diretos para toda a popula\u00e7\u00e3o.<\/p>\n","protected":false},"author":1,"featured_media":7767,"comment_status":"open","ping_status":"open","sticky":false,"template":"","format":"standard","meta":{"footnotes":""},"categories":[1],"tags":[],"class_list":["post-7766","post","type-post","status-publish","format-standard","has-post-thumbnail","hentry","category-cim-noroeste"],"_links":{"self":[{"href":"https:\/\/cimnoroeste.es.gov.br\/index.php?rest_route=\/wp\/v2\/posts\/7766","targetHints":{"allow":["GET"]}}],"collection":[{"href":"https:\/\/cimnoroeste.es.gov.br\/index.php?rest_route=\/wp\/v2\/posts"}],"about":[{"href":"https:\/\/cimnoroeste.es.gov.br\/index.php?rest_route=\/wp\/v2\/types\/post"}],"author":[{"embeddable":true,"href":"https:\/\/cimnoroeste.es.gov.br\/index.php?rest_route=\/wp\/v2\/users\/1"}],"replies":[{"embeddable":true,"href":"https:\/\/cimnoroeste.es.gov.br\/index.php?rest_route=%2Fwp%2Fv2%2Fcomments&post=7766"}],"version-history":[{"count":3,"href":"https:\/\/cimnoroeste.es.gov.br\/index.php?rest_route=\/wp\/v2\/posts\/7766\/revisions"}],"predecessor-version":[{"id":7770,"href":"https:\/\/cimnoroeste.es.gov.br\/index.php?rest_route=\/wp\/v2\/posts\/7766\/revisions\/7770"}],"wp:featuredmedia":[{"embeddable":true,"href":"https:\/\/cimnoroeste.es.gov.br\/index.php?rest_route=\/wp\/v2\/media\/7767"}],"wp:attachment":[{"href":"https:\/\/cimnoroeste.es.gov.br\/index.php?rest_route=%2Fwp%2Fv2%2Fmedia&parent=7766"}],"wp:term":[{"taxonomy":"category","embeddable":true,"href":"https:\/\/cimnoroeste.es.gov.br\/index.php?rest_route=%2Fwp%2Fv2%2Fcategories&post=7766"},{"taxonomy":"post_tag","embeddable":true,"href":"https:\/\/cimnoroeste.es.gov.br\/index.php?rest_route=%2Fwp%2Fv2%2Ftags&post=7766"}],"curies":[{"name":"wp","href":"https:\/\/api.w.org\/{rel}","templated":true}]}}